{"id":447,"date":"2026-09-04T10:29:31","date_gmt":"2026-09-04T10:29:31","guid":{"rendered":"https:\/\/yovao.com\/index.php\/2026\/09\/04\/eu-warns-serbia-ratko-mladic-funeral-a-critical-test-for-membership-bid\/"},"modified":"2026-09-04T10:29:31","modified_gmt":"2026-09-04T10:29:31","slug":"eu-warns-serbia-ratko-mladic-funeral-a-critical-test-for-membership-bid","status":"publish","type":"post","link":"https:\/\/yovao.com\/index.php\/2026\/09\/04\/eu-warns-serbia-ratko-mladic-funeral-a-critical-test-for-membership-bid\/","title":{"rendered":"EU Warns Serbia: Ratko Mladi\u0107 Funeral a Critical Test for Membership Bid"},"content":{"rendered":"<p>Senior European Union officials have issued a stark warning to the Serbian government regarding the upcoming funeral of Ratko Mladi\u0107, describing the arrangements as a &#8220;very important test&#8221; for Belgrade&#8217;s aspirations to join the bloc. The remarks come as the EU enlargement chief emphasized that how Serbia handles the burial of the convicted war criminal will significantly influence member states&#8217; evaluations of its candidacy.<\/p>\n<p>Mladi\u0107, who was serving a life sentence for crimes against humanity linked to the Srebrenica massacre and the siege of Sarajevo, died on August 27 at age 84 in a United Nations detention facility in The Hague. His remains were returned to Serbia on Thursday via a government plane, with television images showing his coffin draped in the Serbian flag and carried by soldiers.<\/p>\n<p>While Serbian Justice Minister Nenad Vuji\u0107 stated last week that Mladi\u0107 would receive state honors, President Aleksandar Vu\u010di\u0107 subsequently clarified that the family would determine the funeral arrangements, leaving no official plans confirmed. Media reports suggest a commemoration ceremony may occur on Saturday, followed by burial in a Belgrade suburb on Monday.<\/p>\n<p>Speaking to reporters in Dublin on Friday, EU enlargement chief Marta Kos highlighted the geopolitical implications. &#8220;Bringing the remains of Ratko Mladi\u0107 to Belgrade will be a very important test,&#8221; she said. &#8220;There are many things going on in Serbia for the time being&#8230; and everything could have the impact on how the member states are evaluating Serbia.&#8221; She added that the handling of the funeral would be assessed against Belgrade&#8217;s alignment with the EU&#8217;s foreign and security policy, a key requirement for accession.<\/p>\n<p>European ministers expressed strong opposition to any official commemoration. Ireland\u2019s Minister for European Affairs and Defence, Thomas Byrne, stated that a state funeral would be &#8220;unacceptable,&#8221; adding that even memorialization by senior government figures would not be tolerable. Belgian Foreign Minister Maxime Prevot echoed these sentiments on X, arguing that such actions would distance Serbia from fundamental EU values regarding human dignity, human rights, and the fight against impunity.<\/p>\n<p>Tensions have escalated to the highest political levels. Croatian Prime Minister Andrej Plenkovi\u0107 warned earlier this week that granting the highest honors to the convicted war criminal would be the equivalent of &#8220;slamming the door to the European Union yourself.&#8221; Unnamed EU officials told Euronews that the plans have caused deep concern within the European Commission, which views Western Balkan accession as a strategic priority.<\/p>\n<p>Diplomatic sources indicated that the general mood among European Affairs Ministers during their informal meeting in Ireland was that any state-led commemoration would inevitably weaken support for Serbia\u2019s EU bid within member states. One EU diplomat noted that any country considering opening &#8220;Cluster 3&#8243;\u2014talks on competitiveness and growth\u2014in Serbia&#8217;s accession process would now &#8220;think twice,&#8221; suggesting it is unlikely any member would push for progress at this time.<\/p>\n<p>Serbia&#8217;s accession talks already face hurdles; earlier this summer, proposals to advance Cluster 3 negotiations stalled due to member state concerns over controversial judiciary reforms. Currently, the EU estimates that Belgrade\u2019s alignment with its Common Foreign and Security Policy stands at just 60%, the lowest rate among all candidate countries.<\/p>\n","protected":false},"excerpt":{"rendered":"<p>EU officials warn Serbia that honoring convicted war criminal Ratko Mladi\u0107 with a state funeral would severely damage its path to European Union membership.<\/p>\n","protected":false},"author":1,"featured_media":0,"comment_status":"open","ping_status":"open","sticky":false,"template":"","format":"standard","meta":{"footnotes":""},"categories":[8],"tags":[1102,1103,133,62,1101,1100],"class_list":["post-447","post","type-post","status-publish","format-standard","hentry","category-politics","tag-accession","tag-balkans","tag-eu","tag-europe","tag-ratko-mladic","tag-serbia"],"_links":{"self":[{"href":"https:\/\/yovao.com\/index.php\/wp-json\/wp\/v2\/posts\/447","targetHints":{"allow":["GET"]}}],"collection":[{"href":"https:\/\/yovao.com\/index.php\/wp-json\/wp\/v2\/posts"}],"about":[{"href":"https:\/\/yovao.com\/index.php\/wp-json\/wp\/v2\/types\/post"}],"author":[{"embeddable":true,"href":"https:\/\/yovao.com\/index.php\/wp-json\/wp\/v2\/users\/1"}],"replies":[{"embeddable":true,"href":"https:\/\/yovao.com\/index.php\/wp-json\/wp\/v2\/comments?post=447"}],"version-history":[{"count":0,"href":"https:\/\/yovao.com\/index.php\/wp-json\/wp\/v2\/posts\/447\/revisions"}],"wp:attachment":[{"href":"https:\/\/yovao.com\/index.php\/wp-json\/wp\/v2\/media?parent=447"}],"wp:term":[{"taxonomy":"category","embeddable":true,"href":"https:\/\/yovao.com\/index.php\/wp-json\/wp\/v2\/categories?post=447"},{"taxonomy":"post_tag","embeddable":true,"href":"https:\/\/yovao.com\/index.php\/wp-json\/wp\/v2\/tags?post=447"}],"curies":[{"name":"wp","href":"https:\/\/api.w.org\/{rel}","templated":true}]}}